[{"@context":"https:\/\/schema.org\/","@type":"Article","@id":"https:\/\/www.x-chain.cz\/ozivte-vas-interier-eleganciou\/#Article","mainEntityOfPage":"https:\/\/www.x-chain.cz\/ozivte-vas-interier-eleganciou\/","headline":"O\u017eivte V\u00e1\u0161 interi\u00e9r eleganciou","name":"O\u017eivte V\u00e1\u0161 interi\u00e9r eleganciou","description":"U\u017e V\u00e1s nudia pr\u00e1zdne biele steny vo Va\u0161om byte? Ur\u010dite by ste chceli nie\u010d\u00edm o\u017eivi\u0165 Va\u0161u ob\u00fdva\u010dku alebo sp\u00e1l\u0148u bez toho, aby na V\u00e1s kri\u010dali prehnan\u00e9 krik\u013eav\u00e9 kombin\u00e1cie. Netu\u0161\u00edte, \u010do by bolo vhodn\u00e9? \u010ciernobiele obrazy s\u00fa presne to prav\u00e9 orechov\u00e9. Neexistuje ni\u010d, \u010do by vylep\u0161ilo pr\u00e1zdny priestor lep\u0161ie, ako rafinovan\u00e1 fotografia. Garantujeme, \u017ee v\u0161etci Va\u0161i [&hellip;]","datePublished":"2025-04-01","dateModified":"2025-04-01","author":{"@type":"Person","@id":"https:\/\/www.x-chain.cz\/author\/#Person","name":"x-chain.cz\n","url":"https:\/\/www.x-chain.cz\/author\/","identifier":1,"image":{"@type":"ImageObject","@id":"https:\/\/secure.gravatar.com\/avatar\/87007d43bbcef3c87926bba9082d96a1a8da6f7ae55b1546f5f58a5e10d8ed12?s=96&d=mm&r=g","url":"https:\/\/secure.gravatar.com\/avatar\/87007d43bbcef3c87926bba9082d96a1a8da6f7ae55b1546f5f58a5e10d8ed12?s=96&d=mm&r=g","height":96,"width":96}},"publisher":{"@type":"Organization","name":"x-chain.cz","logo":{"@type":"ImageObject","@id":"\/logo.png","url":"\/logo.png","width":600,"height":60}},"url":"https:\/\/www.x-chain.cz\/ozivte-vas-interier-eleganciou\/","wordCount":163,"articleBody":"U\u017e V\u00e1s nudia pr\u00e1zdne biele steny vo Va\u0161om byte? Ur\u010dite by ste chceli nie\u010d\u00edm o\u017eivi\u0165 Va\u0161u ob\u00fdva\u010dku alebo sp\u00e1l\u0148u bez toho, aby na V\u00e1s kri\u010dali prehnan\u00e9 krik\u013eav\u00e9 kombin\u00e1cie. Netu\u0161\u00edte, \u010do by bolo vhodn\u00e9? \u010ciernobiele obrazy s\u00fa presne to prav\u00e9 orechov\u00e9. Neexistuje ni\u010d, \u010do by vylep\u0161ilo pr\u00e1zdny priestor lep\u0161ie, ako rafinovan\u00e1 fotografia. Garantujeme, \u017ee v\u0161etci Va\u0161i priatelia ho bud\u00fa chcie\u0165 tie\u017e! Farby taktie\u017e nie s\u00fa prek\u00e1\u017ekou L\u00e1ka V\u00e1s sk\u00f4r nie\u010do farebn\u00e9, no st\u00e1le jemn\u00e9 a vkusn\u00e9? \u017diadny probl\u00e9m! Spojenie \u017eiv\u00fdch, no st\u00e1le nekri\u010diacich odtie\u0148ov rozjasn\u00ed ka\u017ed\u00fd priestor. Netreba sa b\u00e1\u0165 ani zdanlivo ezoterickej fialovej a \u010dervenej, ktor\u00e1 vnesie do izieb trochu mystiky, no ani radostnej \u017eltej a oran\u017eovej, ktor\u00e9 rozveselia aj pochm\u00farny de\u0148. Obrazy s\u00fa jednoducho t\u00fdm spr\u00e1vnym doplnkom do ka\u017ed\u00e9ho b\u00fdvania.                                                                                                                                                                                                                                                                                                                                                                                        5\/5 - (1 vote)        "},{"@context":"https:\/\/schema.org\/","@type":"BreadcrumbList","itemListElement":[{"@type":"ListItem","position":1,"name":"O\u017eivte V\u00e1\u0161 interi\u00e9r eleganciou","item":"https:\/\/www.x-chain.cz\/ozivte-vas-interier-eleganciou\/#breadcrumbitem"}]}]