[{"@context":"https:\/\/schema.org\/","@type":"Article","@id":"https:\/\/www.x-chain.cz\/zluta-zluta-a-zase-zluta-nutnost-tohoto-leta\/#Article","mainEntityOfPage":"https:\/\/www.x-chain.cz\/zluta-zluta-a-zase-zluta-nutnost-tohoto-leta\/","headline":"\u017dlut\u00e1, \u017elut\u00e1 a zase \u017elut\u00e1: nutnost tohoto l\u00e9ta!","name":"\u017dlut\u00e1, \u017elut\u00e1 a zase \u017elut\u00e1: nutnost tohoto l\u00e9ta!","description":"\u017dlut\u00e1 je hit tohoto l\u00e9ta, kter\u00fd nesm\u00ed chyb\u011bt ve Va\u0161em \u0161atn\u00edku. \u00a0 \u017dlut\u00e1 barva \u00a0 \u017dlut\u00e1 barva m\u00e1 povzbuzuj\u00edc\u00ed \u00fa\u010dinky, d\u011bl\u00e1 n\u00e1s veselej\u0161\u00ed, tak\u00e9 podporuje na\u0161e my\u0161len\u00ed a skv\u011ble p\u016fsob\u00ed na pam\u011b\u0165. \u017dlut\u00e1 n\u00e1s d\u011bl\u00e1 optimisti\u010dt\u011bj\u0161\u00ed a tak pom\u00e1h\u00e1 p\u0159i komunikaci p\u0159i navazov\u00e1n\u00ed kontakt\u016f. Tak\u017ee ide\u00e1ln\u00ed letn\u00ed barvi\u010dka. Kter\u00e1 jin\u00e1 barva je v\u00edc letn\u00ed ne\u017e [&hellip;]","datePublished":"2025-03-01","dateModified":"2023-05-01","author":{"@type":"Person","@id":"https:\/\/www.x-chain.cz\/author\/#Person","name":"x-chain.cz\n","url":"https:\/\/www.x-chain.cz\/author\/","identifier":1,"image":{"@type":"ImageObject","@id":"https:\/\/secure.gravatar.com\/avatar\/87007d43bbcef3c87926bba9082d96a1a8da6f7ae55b1546f5f58a5e10d8ed12?s=96&d=mm&r=g","url":"https:\/\/secure.gravatar.com\/avatar\/87007d43bbcef3c87926bba9082d96a1a8da6f7ae55b1546f5f58a5e10d8ed12?s=96&d=mm&r=g","height":96,"width":96}},"publisher":{"@type":"Organization","name":"x-chain.cz","logo":{"@type":"ImageObject","@id":"\/logo.png","url":"\/logo.png","width":600,"height":60}},"image":{"@type":"ImageObject","@id":"https:\/\/www.x-chain.cz\/wp-content\/uploads\/img_a295467_w2142_t1506801630.jpg","url":"https:\/\/www.x-chain.cz\/wp-content\/uploads\/img_a295467_w2142_t1506801630.jpg","height":0,"width":0},"url":"https:\/\/www.x-chain.cz\/zluta-zluta-a-zase-zluta-nutnost-tohoto-leta\/","about":["M\u00f3da"],"wordCount":408,"articleBody":"\u017dlut\u00e1 je hit tohoto l\u00e9ta, kter\u00fd nesm\u00ed chyb\u011bt ve Va\u0161em \u0161atn\u00edku.\u00a0\t\u017dlut\u00e1 barva\u00a0\u017dlut\u00e1 barva m\u00e1 povzbuzuj\u00edc\u00ed \u00fa\u010dinky, d\u011bl\u00e1 n\u00e1s veselej\u0161\u00ed, tak\u00e9 podporuje na\u0161e my\u0161len\u00ed a skv\u011ble p\u016fsob\u00ed na pam\u011b\u0165. \u017dlut\u00e1 n\u00e1s d\u011bl\u00e1 optimisti\u010dt\u011bj\u0161\u00ed a tak pom\u00e1h\u00e1 p\u0159i komunikaci p\u0159i navazov\u00e1n\u00ed kontakt\u016f. Tak\u017ee ide\u00e1ln\u00ed letn\u00ed barvi\u010dka. Kter\u00e1 jin\u00e1 barva je v\u00edc letn\u00ed ne\u017e barva symbolizuj\u00edc\u00ed slunce?\u00a0\tJak\u00fd odst\u00edn zvolit?\u00a0Na odst\u00ednu nez\u00e1le\u017e\u00ed. Vyb\u00edrat m\u016f\u017eete z klasick\u00e9 \u017elut\u00e9, pastelov\u00e9 \u017elut\u00e9, citronov\u00e9 nebo barva ho\u0159\u010dice. Pro tmavovl\u00e1sky jsou obecn\u011b lep\u0161\u00ed syt\u00e9 a z\u00e1\u0159iv\u011bj\u0161\u00ed odst\u00edny. Jste-li blond\u00fdnka s\u00e1hn\u011bte po sv\u011btl\u00fdch a pastelov\u00fdch odst\u00ednech. \u017dlut\u00e1 V\u00e1s rozz\u00e1\u0159\u00ed, sta\u010d\u00ed vybrat odst\u00edn se kter\u00fdm si budete rozum\u011bt.\u00a0\tS \u010d\u00edm \u017elutou kombinovat?\u00a0M\u016f\u017eete zkusit \u010dernou nebo \u0161edou, \u017elut\u00e1 si sedne i s b\u00edlou. To je ov\u0161em klasika. Co takhle b\u00fdt odv\u00e1\u017en\u011bj\u0161\u00ed? Modr\u00e1 nebo zelen\u00e1 nen\u00ed v\u016fbec \u0161patn\u00fd n\u00e1pad. U zelen\u00e9 ale pozor na odst\u00edn!\u00a0\tJak \u017elutou nosit?\u00a0\t\t\u017dlut\u00e1 \u00e1\u010dkov\u00e1 sukn\u011b a top s modr\u00fdmi prou\u017eky a \u010dern\u00e9 p\u00e1skov\u00e9 sand\u00e1lky jsou vhodn\u00e9 do m\u011bsta i do kancel\u00e1\u0159e.\t\tOutfit pro ka\u017ed\u00fd p\u0159\u00edpad jsou i b\u00edl\u00e9 \u0161aty a \u017elut\u00e9 dopl\u0148ky v podob\u011b n\u00e1u\u0161nic, kabelky a pohodln\u00fdch boti\u010dek.\t\tSkv\u011bl\u00e9 budou i \u00fazk\u00e9 d\u0159\u00edny a \u017elut\u00fd top s vol\u00e1nky.\t\tNa party nebo festivalu osln\u00edte v d\u017e\u00ednov\u00fdch \u0161ortk\u00e1ch, tenisk\u00e1ch a tri\u010dku s ananasy.\t\t\u017dlut\u00e1 jde v ruku v ruce s retro stylem!\t\tCo takhle zkusit tyrkysov\u00e9 body a rozevl\u00e1tou citr\u00f3nov\u011b \u017elutou suk\u00fdnku?\t\tJdete-li na form\u00e1ln\u011bj\u0161\u00ed akci, obl\u00e9kn\u011bte si \u010dern\u00e9 koktejlov\u00e9 \u0161aty, obujte si zlat\u00e9 lodi\u010dky nebo sand\u00e1lky a do ruky syt\u011b \u017elut\u00e9 psan\u00ed\u010dko.\t\tSv\u016fj outfit m\u016f\u017eete doplnit br\u00fdlemi se \u017elut\u00fdmi obrubami. Mo\u017en\u00e1 by se hodila i kabelka ve tvaru ananasu.\t\tS teniskami v syt\u011b \u017elut\u00e9 barv\u011b se neztrat\u00edte!\t\tP\u0159i n\u00e1v\u0161t\u011bv\u011b drog\u00e9rie nezapome\u0148te na \u017elut\u00fd lak na nehty! Sv\u016fj vzhled o\u017eivte \u017elut\u00fdmi st\u00edny.\u00a0\u00a0Jestli je\u0161t\u011b nem\u00e1te \u017elut\u00e9 letn\u00ed kousky tak, rychle do n\u00e1kupn\u00edho centra rozz\u00e1\u0159it V\u00e1\u0161 \u0161atn\u00edk \u017elut\u00fdmi t\u00f3ny!                                                                                                                                                                                                                                                                                                                                                                                        4.6\/5 - (7 votes)        "},{"@context":"https:\/\/schema.org\/","@type":"BreadcrumbList","itemListElement":[{"@type":"ListItem","position":1,"name":"\u017dlut\u00e1, \u017elut\u00e1 a zase \u017elut\u00e1: nutnost tohoto l\u00e9ta!","item":"https:\/\/www.x-chain.cz\/zluta-zluta-a-zase-zluta-nutnost-tohoto-leta\/#breadcrumbitem"}]}]